{"id":181,"date":"2025-01-08T09:07:07","date_gmt":"2025-01-08T09:07:07","guid":{"rendered":"https:\/\/thetransitionofwork.org\/?p=181"},"modified":"2025-06-05T14:21:55","modified_gmt":"2025-06-05T14:21:55","slug":"energy-workers-in-numbers-demographics","status":"publish","type":"post","link":"https:\/\/thetransitionofwork.org\/fr\/energy-workers-in-numbers-demographics\/","title":{"rendered":"Les travailleurs\/euses de l'\u00e9nergie en chiffres - D\u00e9mographie"},"content":{"rendered":"<\/p>\n\n\n\n<p>Selon le dernier recensement de la population effectu\u00e9 en 2021, la Gr\u00e8ce compte 10 482 487 habitants\/es dont 51 % de femmes (Elstat, 2021). Avec 254 595 habitants\/es, la Mac\u00e9doine occidentale, troisi\u00e8me r\u00e9gion la moins peupl\u00e9e de Gr\u00e8ce, repr\u00e9sente 2,4 % de sa population. Les femmes, qui repr\u00e9sentent 50,16 % des habitants\/es de la Mac\u00e9doine Occidentale, sont l\u00e9g\u00e8rement sous-repr\u00e9sent\u00e9es par rapport \u00e0 la moyenne nationale.<\/p>\n\n\n\n<p>L&#8217;\u00e9volution de la d\u00e9mographie r\u00e9gionale suit celle de la production d&#8217;\u00e9lectricit\u00e9 \u00e0 partir du lignite, autour de laquelle s\u2019est d\u00e9velopp\u00e9e une monoculture \u00e9conomique. En effet, son pic d\u00e9mographique a eu lieu en 2001 (294 317 habitants\/es) \u00e0 une p\u00e9riode o\u00f9 la production \u00e9tait en pleine croissance, pour atteindre son plus haut niveau historique en 2004 avec 72 m\u00e9gatonnes de lignite extraites cette ann\u00e9e-l\u00e0 (Eurostat, 2023).<\/p>\n\n\n\n<p>Ce pic d\u00e9mographique s&#8217;explique toutefois principalement par la croissance \u00e9conomique des d\u00e9cennies pr\u00e9c\u00e9dentes. La pyramide des \u00e2ges de 2001 montre que la g\u00e9n\u00e9ration en \u00e2ge de travailler est la plus nombreuse avec 40,5 % de la population situ\u00e9 entre 25 et 55 ans (Elstat, 2001). Le dynamisme de cette g\u00e9n\u00e9ration se traduit \u00e9galement par l&#8217;importance d\u00e9mographique de la g\u00e9n\u00e9ration de ses enfants (30 % de la population).<\/p>\n\n\n\n<p>Au m\u00eame moment, cependant, l&#8217;emploi dans le secteur de l&#8217;\u00e9nergie commence \u00e0 diminuer. En effet, pour se conformer aux imp\u00e9ratifs d&#8217;int\u00e9gration de l&#8217;Union Europ\u00e9enne, PPC lance un processus de privatisation, devenant une Soci\u00e9t\u00e9 Anonyme en 2001. L&#8217;ancienne entreprise publique responsable de la cr\u00e9ation d&#8217;emplois dans la r\u00e9gion r\u00e9organise sa main-d&#8217;\u0153uvre dans le but de r\u00e9duire les co\u00fbts et de maximiser les profits (Vetta, 2020, p.28). D&#8217;environ 9000 travailleurs\/euses r\u00e9guliers\/\u00e8res en 1997, on passe alors \u00e0 6000 en 2005 et \u00e0 4000 en 2012 (Vetta, 2020, p.29). Si les innovations technologiques jouent \u00e9galement un r\u00f4le, Adonis Agelopoulos<a href=\"#sdfootnote1sym\" id=\"sdfootnote1anc\"><sup>1<\/sup><\/a>, un ancien ing\u00e9nieur \u00e0 la retraite, explique que l&#8217;emploi a surtout \u00e9t\u00e9 affect\u00e9 par la privatisation de PPC :<\/p>\n\n\n\n<blockquote class=\"wp-block-quote is-layout-flow wp-block-quote-is-layout-flow\">\n<p>\u00ab&nbsp;Jusqu&#8217;\u00e0 r\u00e9cemment, les changements technologiques \u00e9taient tr\u00e8s lents et concernaient relativement peu de personnes dans des secteurs sp\u00e9cifiques. Par exemple, l&#8217;\u00e9lectronique a bien s\u00fbr \u00e9t\u00e9 affect\u00e9e par la num\u00e9risation. Pour le reste, les changements ont \u00e9t\u00e9 lents et tr\u00e8s extensifs. C\u2019\u00e9tait principalement des changements d&#8217;\u00e9chelle : on a commenc\u00e9 avec plusieurs unit\u00e9s produisant quelque chose comme 70 m\u00e9gawatts pour arriver \u00e0 une unit\u00e9 produisant jusqu&#8217;\u00e0 600 m\u00e9gawatts. (&#8230;) Dans la production de lignite, on n\u2019a pas connu la m\u00eame situation que dans d&#8217;autres industries o\u00f9 la m\u00e9canisation a entra\u00een\u00e9 des pertes d&#8217;emplois. Dans notre secteur, c\u2019\u00e9tait principalement d\u00fb \u00e0 des d\u00e9cisions politiques qui ont commenc\u00e9 \u00e0 \u00eatre prises dans les ann\u00e9es 1990.&nbsp;\u00bb<\/p>\n<\/blockquote>\n\n\n\n<p>Le processus de privatisation de PPC a provoqu\u00e9 des ruptures biographiques importantes, que l&#8217;on retrouve dans les entretiens lorsque les participants\/es \u00e9voquent leur parcours professionnel, celui de leurs enfants ou le d\u00e9clin de leur ville. La diminutions des possibilit\u00e9s d&#8217;emploi dans une \u00e9conomie r\u00e9gionale largement domin\u00e9e par le secteur de l&#8217;\u00e9nergie a plong\u00e9 la g\u00e9n\u00e9ration \u00e2ge de travailler dans une situation tr\u00e8s pr\u00e9caire. De nombreuses personnes ont choisi d&#8217;\u00e9migrer vers d&#8217;autres villes ou pays offrant de meilleures opportunit\u00e9s. Depuis 2001, la population a diminu\u00e9 de 13,5 %, principalement apr\u00e8s la crise \u00e9conomique de 2011 (10,3 %) (Krommyda, 2024, p.179). En 2021, la pyramide des \u00e2ges montre un pourcentage important de personnes \u00e2g\u00e9es de plus de 60 ans: elles repr\u00e9sentent 32,7 % de la population de la Mac\u00e9doine Occidentale (29,4 % au niveau national \u2013 Elstat, 2021). M\u00eame si la population europ\u00e9enne vieillit, le ph\u00e9nom\u00e8ne est plus intense en Mac\u00e9doine Occidentale o\u00f9 le taux de d\u00e9pendance des personnes \u00e2g\u00e9es atteint 39,6 % (c&#8217;est-\u00e0-dire que pour cent personnes en \u00e2ge de travailler, il y a 40 retrait\u00e9s &#8211; 32 % en moyenne dans l&#8217;Union europ\u00e9enne). Et le ph\u00e9nom\u00e8ne s&#8217;acc\u00e9l\u00e8re rapidement puisqu&#8217;en 2018, le rapport de la Banque Mondiale \u00e9valuait le taux de d\u00e9pendance des personnes \u00e2g\u00e9es \u00e0 37 % (Christiaensen et Ferr\u00e9, 2018, p.8).<\/p>\n\n\n\n<p><a href=\"#sdfootnote1anc\" id=\"sdfootnote1sym\">1<\/a>Tous les noms ont \u00e9t\u00e9 chang\u00e9 pour pr\u00e9server l\u2019anonymat des participants\/es.<\/p>\n\n\n\n<p><strong>Sources<\/strong><\/p>\n\n\n\n<p>Elstat, <em>Population Census<\/em>, 2001. URL&nbsp;: <a href=\"https:\/\/www.statistics.gr:443\/el\/statistics?p_p_id=documents_WAR_publicationsportlet_INSTANCE_VBZOni0vs5VJ&amp;p_p_lifecycle=2&amp;p_p_state=normal&amp;p_p_mode=view&amp;p_p_cacheability=cacheLevelPage&amp;p_p_col_id=column-2&amp;p_p_col_count=4&amp;p_p_col_pos=2&amp;_documents_WAR_publicationsportlet_INSTANCE_VBZOni0vs5VJ_javax.faces.resource=document&amp;_documents_WAR_publicationsportlet_INSTANCE_VBZOni0vs5VJ_ln=downloadResources&amp;_documents_WAR_publicationsportlet_INSTANCE_VBZOni0vs5VJ_documentID=221133&amp;_documents_WAR_publicationsportlet_INSTANCE_VBZOni0vs5VJ_locale=el\" target=\"_blank\" rel=\"noreferrer noopener\">\u039c02. \u039c\u03cc\u03bd\u03b9\u03bc\u03bf\u03c2 \u03c0\u03bb\u03b7\u03b8\u03c5\u03c3\u03bc\u03cc\u03c2 \u03ba\u03b1\u03c4\u03ac \u03c6\u03cd\u03bb\u03bf \u03ba\u03b1\u03b9 \u03bf\u03bc\u03ac\u03b4\u03b5\u03c2 \u03b7\u03bb\u03b9\u03ba\u03b9\u03ce\u03bd. \u03a3\u03cd\u03bd\u03bf\u03bb\u03bf \u0395\u03bb\u03bb\u03ac\u03b4\u03bf\u03c2, \u0393\u03b5\u03c9\u03b3\u03c1\u03b1\u03c6\u03b9\u03ba\u03ad\u03c2 \u03b6\u03ce\u03bd\u03b5\u03c2 ( NUTS I), \u03c0\u03b5\u03c1\u03b9\u03c6\u03ad\u03c1\u03b5\u03b9\u03b5\u03c2 ( NUTS II ), \u03bd\u03bf\u03bc\u03bf\u03af, \u03b4\u03ae\u03bc\u03bf\u03b9-\u03ba\u03bf\u03b9\u03bd\u03cc\u03c4\u03b7\u03c4\u03b5\u03c2 \u03ba\u03b1\u03b9 \u03b4\u03b7\u03bc\u03bf\u03c4\u03b9\u03ba\u03ac-\u03ba\u03bf\u03b9\u03bd\u03bf\u03c4\u03b9\u03ba\u03ac \u03b4\u03b9\u03b1\u03bc\u03b5\u03c1\u03af\u03c3\u03bc\u03b1\u03c4\u03b1<\/a><\/p>\n\n\n\n<p>Elstat, <em>Population Census<\/em>, 2021. URL&nbsp;: <a href=\"https:\/\/www.statistics.gr:443\/el\/statistics?p_p_id=documents_WAR_publicationsportlet_INSTANCE_VBZOni0vs5VJ&amp;p_p_lifecycle=2&amp;p_p_state=normal&amp;p_p_mode=view&amp;p_p_cacheability=cacheLevelPage&amp;p_p_col_id=column-2&amp;p_p_col_count=4&amp;p_p_col_pos=2&amp;_documents_WAR_publicationsportlet_INSTANCE_VBZOni0vs5VJ_javax.faces.resource=document&amp;_documents_WAR_publicationsportlet_INSTANCE_VBZOni0vs5VJ_ln=downloadResources&amp;_documents_WAR_publicationsportlet_INSTANCE_VBZOni0vs5VJ_documentID=526756&amp;_documents_WAR_publicationsportlet_INSTANCE_VBZOni0vs5VJ_locale=el\" target=\"_blank\" rel=\"noreferrer noopener\">\u039103. \u039c\u03cc\u03bd\u03b9\u03bc\u03bf\u03c2 \u03a0\u03bb\u03b7\u03b8\u03c5\u03c3\u03bc\u03cc\u03c2 \u03ba\u03b1\u03c4\u03ac \u03c6\u03cd\u03bb\u03bf, \u03bf\u03bc\u03ac\u03b4\u03b5\u03c2 \u03b7\u03bb\u03b9\u03ba\u03b9\u03ce\u03bd \u03ba\u03b1\u03b9 \u03b5\u03c0\u03af\u03c0\u03b5\u03b4\u03bf \u03b5\u03ba\u03c0\u03b1\u03af\u03b4\u03b5\u03c5\u03c3\u03b7\u03c2. \u03a0\u03b5\u03c1\u03b9\u03c6\u03ad\u03c1\u03b5\u03b9\u03b5\u03c2<\/a><\/p>\n\n\n\n<p>Eurostat, <em>Production of lignite in the EU \u2013 statistics<\/em>, 2023. URL&nbsp;: <a href=\"https:\/\/ec.europa.eu\/eurostat\/statistics-explained\/index.php?title=Production_of_lignite_in_the_EU_-_statistics\">https:\/\/ec.europa.eu\/eurostat\/statistics-explained\/index.php?title=Production_of_lignite_in_the_EU_-_statistics<\/a><\/p>\n\n\n\n<p>Vasiliki Krommyda, <em>\u0395\u03c1\u03b3\u03b1\u03c3\u03af\u03b1 \u03ba\u03b1\u03b9 \u03b5\u03bd\u03b5\u03c1\u03b3\u03b5\u03b9\u03b1\u03ba\u03ae \u03bc\u03b5\u03c4\u03ac\u03b2\u03b1\u03c3\u03b7. \u039c\u03b5\u03c4\u03b1\u03b2\u03b1\u03bb\u03bb\u03cc\u03bc\u03b5\u03bd\u03b5\u03c2 \u03b3\u03b5\u03c9\u03b3\u03c1\u03b1\u03c6\u03af\u03b5\u03c2 \u03b5\u03c1\u03b3\u03b1\u03c3\u03b9\u03b1\u03ba\u03ae\u03c2 \u03b5\u03c0\u03b9\u03c3\u03c6\u03ac\u03bb\u03b5\u03b9\u03b1\u03c2 \u03ba\u03b1\u03b9 \u03b1\u03c0\u03bf\u03bb\u03b9\u03b3\u03bd\u03b9\u03c4\u03bf\u03c0\u03bf\u03af\u03b7\u03c3\u03b7 \u03c3\u03c4\u03b7\u03bd \u03a0\u03b5\u03c1\u03b9\u03c6\u03ad\u03c1\u03b5\u03b9\u03b1 \u0394\u03c5\u03c4\u03b9\u03ba\u03ae\u03c2 \u039c\u03b1\u03ba\u03b5\u03b4\u03bf\u03bd\u03af\u03b1\u03c2<\/em>, Phd thesis in Geography and Regional Planning, Athens, National Technical University of Athens, 2024.<\/p>\n\n\n\n<p>Theodora Vetta, \u201cBondage unemployment and intra-class tensions in Greek energy restructuring\u201d, in Susana Narotzky (ed.), <em>Grassroots Economies: Living with Austerity in Southern Europe,<\/em> London, Pluto Press, 2020.<\/p>\n\n\n\n<p>Luc Christiaensen and C\u00e9line Ferr\u00e9,<em> Just Coal Transition in Western Macedonia, Greece \u2013 Insights from the Labour Market<\/em>, World Bank, October 2020.<\/p>\n\n\n\n<hr class=\"wp-block-separator has-alpha-channel-opacity\"\/>\n\n\n<p>\n\n\n\n<p><\/p>","protected":false},"excerpt":{"rendered":"<p>La d\u00e9mographie de la Mac\u00e9doine occidentale est historiquement li\u00e9e \u00e0 l'industrie de la production d'\u00e9nergie. La population des villes mini\u00e8res de Ptolemaida et de Kozani a augment\u00e9 r\u00e9guli\u00e8rement jusqu'\u00e0 ce que la production atteigne son maximum en 2001. Depuis lors, la privatisation de PPC, la transition vers d'autres sources d'\u00e9nergie et les pertes d'emploi qui en ont d\u00e9coul\u00e9 ont entra\u00een\u00e9 le d\u00e9part de nombreux travailleurs\/euses. Ce d\u00e9clin d\u00e9mographique est l'une des principales pr\u00e9occupations exprim\u00e9es par les r\u00e9sidents\/es.<\/p>","protected":false},"author":3,"featured_media":307,"comment_status":"closed","ping_status":"closed","sticky":false,"template":"","format":"standard","meta":{"footnotes":""},"categories":[10],"tags":[12],"class_list":["post-181","post","type-post","status-publish","format-standard","has-post-thumbnail","hentry","category-statistics","tag-demographics"],"_links":{"self":[{"href":"https:\/\/thetransitionofwork.org\/fr\/wp-json\/wp\/v2\/posts\/181","targetHints":{"allow":["GET"]}}],"collection":[{"href":"https:\/\/thetransitionofwork.org\/fr\/wp-json\/wp\/v2\/posts"}],"about":[{"href":"https:\/\/thetransitionofwork.org\/fr\/wp-json\/wp\/v2\/types\/post"}],"author":[{"embeddable":true,"href":"https:\/\/thetransitionofwork.org\/fr\/wp-json\/wp\/v2\/users\/3"}],"replies":[{"embeddable":true,"href":"https:\/\/thetransitionofwork.org\/fr\/wp-json\/wp\/v2\/comments?post=181"}],"version-history":[{"count":9,"href":"https:\/\/thetransitionofwork.org\/fr\/wp-json\/wp\/v2\/posts\/181\/revisions"}],"predecessor-version":[{"id":361,"href":"https:\/\/thetransitionofwork.org\/fr\/wp-json\/wp\/v2\/posts\/181\/revisions\/361"}],"wp:featuredmedia":[{"embeddable":true,"href":"https:\/\/thetransitionofwork.org\/fr\/wp-json\/wp\/v2\/media\/307"}],"wp:attachment":[{"href":"https:\/\/thetransitionofwork.org\/fr\/wp-json\/wp\/v2\/media?parent=181"}],"wp:term":[{"taxonomy":"category","embeddable":true,"href":"https:\/\/thetransitionofwork.org\/fr\/wp-json\/wp\/v2\/categories?post=181"},{"taxonomy":"post_tag","embeddable":true,"href":"https:\/\/thetransitionofwork.org\/fr\/wp-json\/wp\/v2\/tags?post=181"}],"curies":[{"name":"wp","href":"https:\/\/api.w.org\/{rel}","templated":true}]}}